{"id":41920,"date":"2021-01-15T08:00:16","date_gmt":"2021-01-15T07:00:16","guid":{"rendered":"https:\/\/www.musicalta.com\/?p=41920"},"modified":"2021-12-16T20:46:58","modified_gmt":"2021-12-16T19:46:58","slug":"the-musicalta-academy-2021-opens-its-registrations","status":"publish","type":"post","link":"https:\/\/www.musicalta.com\/en\/the-musicalta-academy-2021-opens-its-registrations\/","title":{"rendered":"Summer music academy Musicalta 2021 is online"},"content":{"rendered":"<p>[et_pb_section fb_built=&#8221;1&#8243; _builder_version=&#8221;4.9.4&#8243; _module_preset=&#8221;default&#8221; global_colors_info=&#8221;{}&#8221; theme_builder_area=&#8221;post_content&#8221;][et_pb_row admin_label=&#8221;Ligne&#8221; _builder_version=&#8221;3.25&#8243; custom_padding=&#8221;1px|||||&#8221; global_colors_info=&#8221;{}&#8221; theme_builder_area=&#8221;post_content&#8221;][et_pb_column type=&#8221;4_4&#8243; _builder_version=&#8221;3.25&#8243; custom_padding=&#8221;|||&#8221; global_colors_info=&#8221;{}&#8221; custom_padding__hover=&#8221;|||&#8221; theme_builder_area=&#8221;post_content&#8221;][et_pb_image src=&#8221;https:\/\/www.musicalta.com\/wp-content\/uploads\/2021\/01\/Academie-musicalta-2021.jpg&#8221; title_text=&#8221;Acad\u00e9mie-musicalta-2021&#8243; url=&#8221;https:\/\/www.musicalta.com\/en\/academie-musique\/stage-rouffach\/&#8221; url_new_window=&#8221;on&#8221; show_bottom_space=&#8221;off&#8221; align=&#8221;center&#8221; align_tablet=&#8221;center&#8221; align_phone=&#8221;&#8221; align_last_edited=&#8221;on|desktop&#8221; _builder_version=&#8221;4.7.5&#8243; animation_direction=&#8221;left&#8221; border_color_all=&#8221;#ffffff&#8221; use_border_color=&#8221;off&#8221; global_colors_info=&#8221;{}&#8221; theme_builder_area=&#8221;post_content&#8221; custom_padding=&#8221;14px|||||&#8221; custom_margin=&#8221;||19px|||&#8221;][\/et_pb_image][et_pb_text _builder_version=&#8221;4.7.5&#8243; module_alignment=&#8221;left&#8221; custom_margin=&#8221;||-12px|||&#8221; custom_padding=&#8221;10px||0px|||&#8221; border_color_all=&#8221;#ffffff&#8221; use_border_color=&#8221;off&#8221; global_colors_info=&#8221;{}&#8221; theme_builder_area=&#8221;post_content&#8221;]<\/p>\n<div class=\"text_exposed_show\">\n<div class=\" et_pb_row_inner et_pb_row_inner_1\">\n<div class=\"et_pb_column_inner et_pb_column_\u00bb1_2\u2033 et_pb_column_inner et_pb_column_inner_2\">\n<div class=\"et_pb_text et_pb_module et_pb_bg_layout_\u00bblight et_pb_text_align_\u00bbjustified et_pb_text_0\">\n<div class=\" et_pb_row_inner et_pb_row_inner_1\">\n<div class=\"et_pb_column_inner et_pb_column_\u00bb1_2\u2033 et_pb_column_inner et_pb_column_inner_2\">\n<div class=\"et_pb_text et_pb_module et_pb_bg_layout_\u00bblight et_pb_text_align_\u00bbjustified et_pb_text_0\">\n<h4 style=\"text-align: center\"><span style=\"font-size: 18px\">The Musicalta Academy will take place from 2021, July 22nd to August 10th.<\/span><\/h4>\n<div style=\"text-align: center\">\n<p>Musicalta Academy is open to all instrumentalists or singers who wish to improve their musical skills in ideal conditions including:<\/p>\n<p>&#8211; An exceptional 2 ha campus located in a huge park<br \/> &#8211; All activities centralized on the campus (courses, practice rooms, accommodation, meals and even leisure)<br \/> &#8211; Free additional activities<\/p>\n<\/div>\n<\/div>\n<\/div>\n<\/div>\n<div class=\" et_pb_row_inner et_pb_row_inner_2\">\n<div class=\"et_pb_column_inner et_pb_column_\u00bb4_4\u2033 et_pb_column_inner et_pb_column_inner_3\">\n<div class=\"et_pb_text et_pb_module et_pb_bg_layout_\u00bblight et_pb_text_align_\u00bbjustified et_pb_text_1\" style=\"text-align: center\">\n<h3><\/h3>\n<h3>The 2021 discipline<\/h3>\n<div>Violin I Viola I Cello<br \/> Piano I Organ<br \/> Harp I Guitar<br \/> Singing I Choir conducting<br \/> Flute I Piccolo flute I Clarinet<br \/> Horn I Trombone<br \/> Chamber music<br \/> Composition | MAO | Music for the image<br \/> Coaching | Alexander Technique<\/div>\n<div>Yoga | Sophrology | Ayurveda<\/div>\n<\/div>\n<\/div>\n<\/div>\n<\/div>\n<\/div>\n<\/div>\n<\/div>\n<p>[\/et_pb_text][et_pb_button button_url=&#8221;https:\/\/www.musicalta.com\/en\/academie-musique\/stage-rouffach\/cours\/&#8221; button_text=&#8221;Discover the professors&#8221; button_alignment=&#8221;center&#8221; _builder_version=&#8221;4.7.5&#8243; _module_preset=&#8221;default&#8221; global_colors_info=&#8221;{}&#8221; theme_builder_area=&#8221;post_content&#8221;][\/et_pb_button][et_pb_text _builder_version=&#8221;4.7.5&#8243; module_alignment=&#8221;left&#8221; custom_margin=&#8221;||10px|||&#8221; custom_padding=&#8221;0px||0px|||&#8221; border_color_all=&#8221;#ffffff&#8221; use_border_color=&#8221;off&#8221; global_colors_info=&#8221;{}&#8221; theme_builder_area=&#8221;post_content&#8221;]<\/p>\n<div class=\"text_exposed_show\">\n<div class=\" et_pb_row_inner et_pb_row_inner_1\">\n<div class=\"et_pb_column_inner et_pb_column_\u00bb1_2\u2033 et_pb_column_inner et_pb_column_inner_2\">\n<div class=\"et_pb_text et_pb_module et_pb_bg_layout_\u00bblight et_pb_text_align_\u00bbjustified et_pb_text_0\">\n<div class=\" et_pb_row_inner et_pb_row_inner_1\">\n<div class=\"et_pb_column_inner et_pb_column_\u00bb1_2\u2033 et_pb_column_inner et_pb_column_inner_2\">\n<div class=\"et_pb_text et_pb_module et_pb_bg_layout_\u00bblight et_pb_text_align_\u00bbjustified et_pb_text_0\">\n<h4 style=\"text-align: center\"><strong>Take advantage of a 50\u20ac discount and a Musicalta CD for all full board registrations before March 1st, 2021.<\/strong><\/h4>\n<\/div>\n<\/div>\n<\/div>\n<\/div>\n<\/div>\n<\/div>\n<\/div>\n<p>[\/et_pb_text][et_pb_button button_url=&#8221;https:\/\/www.musicalta.com\/en\/academie-musique\/stage-rouffach\/information-pratique\/inscription\/&#8221; button_text=&#8221;Register online&#8221; button_alignment=&#8221;center&#8221; _builder_version=&#8221;4.7.5&#8243; _module_preset=&#8221;default&#8221; global_colors_info=&#8221;{}&#8221; theme_builder_area=&#8221;post_content&#8221;][\/et_pb_button][\/et_pb_column][\/et_pb_row][\/et_pb_section]<\/p>\n<span class=\"et_bloom_bottom_trigger\"><\/span>","protected":false},"excerpt":{"rendered":"<p>50\u20ac discount and a Musicalta CD free for any full board registration received before January 20, 2020.<\/p>\n","protected":false},"author":3,"featured_media":42121,"comment_status":"open","ping_status":"open","sticky":false,"template":"","format":"standard","meta":{"_et_pb_use_builder":"on","_et_pb_old_content":"<p><a href=\"http:\/\/www.musicalta.com\/wp-content\/uploads\/2015\/12\/Chibane-Manuela1.jpg\"><img class=\"size-medium wp-image-924 alignleft\" src=\"http:\/\/www.musicalta.com\/wp-content\/uploads\/2015\/12\/Chibane-Manuela1-200x300.jpg\" alt=\"cours anglais stage anglais\" width=\"200\" height=\"300\" \/><\/a><\/p><p>\u00a0<\/p><p>Nous sommes heureux de vous annoncer que Manu\u00e8la Chibane, directrice du centre de vacance en 2013 et en 2015 sera de nouveau parmi nous lors du stage de musique 2016.<\/p><p>A ce titre, Manu\u00e8la sera charg\u00e9e avec son \u00e9quipe d\u2019encadrer les \u00e9tudiants mineurs.<\/p><p>\u00a0<\/p><p>\u00a0<\/p><p>\u00a0<\/p><p>\u00a0<\/p>","_et_gb_content_width":"","footnotes":""},"categories":[115],"tags":[116,117,118],"class_list":["post-41920","post","type-post","status-publish","format-standard","has-post-thumbnail","hentry","category-academie-de-musique-en","tag-academie-de-musique-en","tag-stage-de-musique-en","tag-stage-ete-en"],"_links":{"self":[{"href":"https:\/\/www.musicalta.com\/en\/wp-json\/wp\/v2\/posts\/41920","targetHints":{"allow":["GET"]}}],"collection":[{"href":"https:\/\/www.musicalta.com\/en\/wp-json\/wp\/v2\/posts"}],"about":[{"href":"https:\/\/www.musicalta.com\/en\/wp-json\/wp\/v2\/types\/post"}],"author":[{"embeddable":true,"href":"https:\/\/www.musicalta.com\/en\/wp-json\/wp\/v2\/users\/3"}],"replies":[{"embeddable":true,"href":"https:\/\/www.musicalta.com\/en\/wp-json\/wp\/v2\/comments?post=41920"}],"version-history":[{"count":13,"href":"https:\/\/www.musicalta.com\/en\/wp-json\/wp\/v2\/posts\/41920\/revisions"}],"predecessor-version":[{"id":229251,"href":"https:\/\/www.musicalta.com\/en\/wp-json\/wp\/v2\/posts\/41920\/revisions\/229251"}],"wp:featuredmedia":[{"embeddable":true,"href":"https:\/\/www.musicalta.com\/en\/wp-json\/wp\/v2\/media\/42121"}],"wp:attachment":[{"href":"https:\/\/www.musicalta.com\/en\/wp-json\/wp\/v2\/media?parent=41920"}],"wp:term":[{"taxonomy":"category","embeddable":true,"href":"https:\/\/www.musicalta.com\/en\/wp-json\/wp\/v2\/categories?post=41920"},{"taxonomy":"post_tag","embeddable":true,"href":"https:\/\/www.musicalta.com\/en\/wp-json\/wp\/v2\/tags?post=41920"}],"curies":[{"name":"wp","href":"https:\/\/api.w.org\/{rel}","templated":true}]}}