{"id":38803,"date":"2019-12-05T08:15:10","date_gmt":"2019-12-05T07:15:10","guid":{"rendered":"https:\/\/www.musicalta.com\/?p=38803"},"modified":"2021-05-12T14:15:08","modified_gmt":"2021-05-12T13:15:08","slug":"stage-musique-2020","status":"publish","type":"post","link":"https:\/\/www.musicalta.com\/en\/stage-musique-2020\/","title":{"rendered":"Summer music academy Musicalta 2020 is online"},"content":{"rendered":"<p>[et_pb_section fb_built=&#8221;1&#8243; _builder_version=&#8221;4.9.4&#8243; _module_preset=&#8221;default&#8221;][et_pb_row admin_label=&#8221;Ligne&#8221; _builder_version=&#8221;3.25&#8243;][et_pb_column type=&#8221;4_4&#8243; _builder_version=&#8221;3.25&#8243; custom_padding=&#8221;|||&#8221; custom_padding__hover=&#8221;|||&#8221;][et_pb_image src=&#8221;https:\/\/www.musicalta.com\/wp-content\/uploads\/2019\/12\/Musicalta-Acad\u00e9mie-2020.jpg&#8221; url=&#8221;\/academie-musique\/stage-rouffach\/&#8221; url_new_window=&#8221;on&#8221; show_bottom_space=&#8221;off&#8221; align=&#8221;center&#8221; align_tablet=&#8221;center&#8221; align_phone=&#8221;&#8221; align_last_edited=&#8221;on|desktop&#8221; _builder_version=&#8221;4.0.5&#8243; animation_direction=&#8221;left&#8221; border_color_all=&#8221;#ffffff&#8221; use_border_color=&#8221;off&#8221;][\/et_pb_image][et_pb_text _builder_version=&#8221;4.0.5&#8243; module_alignment=&#8221;left&#8221; border_color_all=&#8221;#ffffff&#8221; use_border_color=&#8221;off&#8221;]<\/p>\n<div class=\"text_exposed_show\">\n<div class=\" et_pb_row_inner et_pb_row_inner_1\">\n<div class=\"et_pb_column_inner et_pb_column_\u00bb1_2\u2033 et_pb_column_inner et_pb_column_inner_2\">\n<div class=\"et_pb_text et_pb_module et_pb_bg_layout_\u00bblight et_pb_text_align_\u00bbjustified et_pb_text_0\">\n<h4>The Musicalta Academy will take place from 2020, July 22nd to August 10th.<\/h4>\n<p>Open to all, Musicalta offers ideal working conditions in an outstanding campus at the foot of the vineyards (Alsace \u2013 France).<\/p>\n<\/div>\n<\/div>\n<\/div>\n<div class=\" et_pb_row_inner et_pb_row_inner_2\">\n<div class=\"et_pb_column_inner et_pb_column_\u00bb4_4\u2033 et_pb_column_inner et_pb_column_inner_3\">\n<div class=\"et_pb_text et_pb_module et_pb_bg_layout_\u00bblight et_pb_text_align_\u00bbjustified et_pb_text_1\">\n<h3>The 2020 discipline<\/h3>\n<div>Violin I Viola I Cello<br \/>Piano I Organ<br \/>Harp I Guitar<br \/>Singing I Choir conducting<br \/>Flute I Piccolo flute I Clarinet<br \/>Oboe I English horn<br \/>Horn I Trombone<br \/>Chamber music<br \/>Composition I MAO I Music for the image<br \/>Coaching I Alexander Technique<\/div>\n<div>\u00a0<\/div>\n<div><a class=\"small-button smallsilver\" href=\"https:\/\/www.musicalta.com\/en\/academie-musique\/stage-rouffach\/courses\/\">Discover the professors<\/a><\/div>\n<div>\u00a0<\/div>\n<div>Take advantage of a 50\u20ac discount and a Musicalta CD for all full board registrations before 20 January 2020.<\/div>\n<\/div>\n<div class=\"et_pb_text et_pb_module et_pb_bg_layout_\u00bblight et_pb_text_align_\u00bbjustified et_pb_text_2\">\n<p><a class=\"small-button smallsilver\" href=\"\/\/www.musicalta.com\/en\/academie-musique\/stage-rouffach\/\">More information<\/a>\u00a0 \u00a0 \u00a0 \u00a0 \u00a0 \u00a0 \u00a0 \u00a0 \u00a0 \u00a0<a class=\"small-button smallsilver\" href=\"\/\/www.musicalta.com\/en\/academie-musique\/stage-rouffach\/information-pratique\/inscription\/\">Register online<\/a><\/p>\n<p>( * registration form, 1st regulation(payment), signed certificate, passport photo)<\/p>\n<\/div>\n<\/div>\n<\/div>\n<\/div>\n<p>[\/et_pb_text][\/et_pb_column][\/et_pb_row][\/et_pb_section]<\/p>\n<span class=\"et_bloom_bottom_trigger\"><\/span>","protected":false},"excerpt":{"rendered":"<p>50\u20ac discount and a Musicalta CD free for any full board registration received before January 20, 2020.<\/p>\n","protected":false},"author":3,"featured_media":38807,"comment_status":"open","ping_status":"open","sticky":false,"template":"","format":"standard","meta":{"_et_pb_use_builder":"on","_et_pb_old_content":"<p><a href=\"http:\/\/www.musicalta.com\/wp-content\/uploads\/2015\/12\/Chibane-Manuela1.jpg\"><img class=\"size-medium wp-image-924 alignleft\" src=\"http:\/\/www.musicalta.com\/wp-content\/uploads\/2015\/12\/Chibane-Manuela1-200x300.jpg\" alt=\"cours anglais stage anglais\" width=\"200\" height=\"300\" \/><\/a><\/p><p>\u00a0<\/p><p>Nous sommes heureux de vous annoncer que Manu\u00e8la Chibane, directrice du centre de vacance en 2013 et en 2015 sera de nouveau parmi nous lors du stage de musique 2016.<\/p><p>A ce titre, Manu\u00e8la sera charg\u00e9e avec son \u00e9quipe d\u2019encadrer les \u00e9tudiants mineurs.<\/p><p>\u00a0<\/p><p>\u00a0<\/p><p>\u00a0<\/p><p>\u00a0<\/p>","_et_gb_content_width":"","footnotes":""},"categories":[115],"tags":[116,117,118],"class_list":["post-38803","post","type-post","status-publish","format-standard","has-post-thumbnail","hentry","category-academie-de-musique-en","tag-academie-de-musique-en","tag-stage-de-musique-en","tag-stage-ete-en"],"_links":{"self":[{"href":"https:\/\/www.musicalta.com\/en\/wp-json\/wp\/v2\/posts\/38803","targetHints":{"allow":["GET"]}}],"collection":[{"href":"https:\/\/www.musicalta.com\/en\/wp-json\/wp\/v2\/posts"}],"about":[{"href":"https:\/\/www.musicalta.com\/en\/wp-json\/wp\/v2\/types\/post"}],"author":[{"embeddable":true,"href":"https:\/\/www.musicalta.com\/en\/wp-json\/wp\/v2\/users\/3"}],"replies":[{"embeddable":true,"href":"https:\/\/www.musicalta.com\/en\/wp-json\/wp\/v2\/comments?post=38803"}],"version-history":[{"count":9,"href":"https:\/\/www.musicalta.com\/en\/wp-json\/wp\/v2\/posts\/38803\/revisions"}],"predecessor-version":[{"id":223724,"href":"https:\/\/www.musicalta.com\/en\/wp-json\/wp\/v2\/posts\/38803\/revisions\/223724"}],"wp:featuredmedia":[{"embeddable":true,"href":"https:\/\/www.musicalta.com\/en\/wp-json\/wp\/v2\/media\/38807"}],"wp:attachment":[{"href":"https:\/\/www.musicalta.com\/en\/wp-json\/wp\/v2\/media?parent=38803"}],"wp:term":[{"taxonomy":"category","embeddable":true,"href":"https:\/\/www.musicalta.com\/en\/wp-json\/wp\/v2\/categories?post=38803"},{"taxonomy":"post_tag","embeddable":true,"href":"https:\/\/www.musicalta.com\/en\/wp-json\/wp\/v2\/tags?post=38803"}],"curies":[{"name":"wp","href":"https:\/\/api.w.org\/{rel}","templated":true}]}}