{"id":33188,"date":"2017-12-15T13:45:09","date_gmt":"2017-12-15T12:45:09","guid":{"rendered":"https:\/\/www.musicalta.com\/?p=33188"},"modified":"2021-05-12T15:22:55","modified_gmt":"2021-05-12T14:22:55","slug":"stage-musique-2018","status":"publish","type":"post","link":"https:\/\/www.musicalta.com\/en\/stage-musique-2018\/","title":{"rendered":"Summer music academy Musicalta 2018 is online"},"content":{"rendered":"<p>[et_pb_section fb_built=&#8221;1&#8243; _builder_version=&#8221;4.9.4&#8243; _module_preset=&#8221;default&#8221;][et_pb_row admin_label=&#8221;Ligne&#8221; _builder_version=&#8221;3.25&#8243; column_structure=&#8221;1_2,1_2&#8243;][et_pb_column type=&#8221;1_2&#8243; _builder_version=&#8221;3.25&#8243; custom_padding=&#8221;|||&#8221; custom_padding__hover=&#8221;|||&#8221;][et_pb_image src=&#8221;https:\/\/www.musicalta.com\/wp-content\/uploads\/2017\/12\/Aca18-\u00e9pur\u00e9-750px.jpg&#8221; url=&#8221;\/en\/academie-musique\/stage-rouffach\/&#8221; show_bottom_space=&#8221;off&#8221; align_tablet=&#8221;center&#8221; align_last_edited=&#8221;on|desktop&#8221; _builder_version=&#8221;3.23&#8243; animation_direction=&#8221;left&#8221; border_color_all=&#8221;#ffffff&#8221; use_border_color=&#8221;off&#8221; always_center_on_mobile=&#8221;on&#8221;][\/et_pb_image][\/et_pb_column][et_pb_column type=&#8221;1_2&#8243; _builder_version=&#8221;3.25&#8243; custom_padding=&#8221;|||&#8221; custom_padding__hover=&#8221;|||&#8221;][et_pb_text _builder_version=&#8221;3.27.4&#8243; module_alignment=&#8221;left&#8221; border_color_all=&#8221;#ffffff&#8221; use_border_color=&#8221;off&#8221;]<\/p>\n<h4>The Musicalta Academy will take place from 2018, July 16th to August 4th.<\/h4>\n<p>Open to all, Musicalta offers ideal working conditions in an outstanding campus at the foot of the vineyards (Alsace \u2013 France).<\/p>\n<h3>2018 disciplines\u00a0 :<\/h3>\n<h6>Viola | Harp | Violin | Cello | Piano | Double bass | Guitar<\/h6>\n<h6>Flute | Organ | Clarinet | Oboe | Saxophone | Trumpet | Trombone | Horn<\/h6>\n<h6>Singing | Composition | Choir conducting | Chamber music | Alexander technique<\/h6>\n<p>&nbsp;<\/p>\n<p>You can right now join on-line and take advantage of a reduction to the amount of 50\u20ac and of a CD Musicalta offered for any registration(inscription) in American plan re\u00e7ue* before January 20th, 2018.<\/p>\n<p><a class=\"small-button smallsilver\" href=\"\/\/www.musicalta.com\/academie-musique\/stage-rouffach\/information-pratique\/inscription\/\">I join<\/a><\/p>\n<p>( * registration form, 1st regulation(payment), signed certificate, passport photo)<br \/>\n[\/et_pb_text][\/et_pb_column][\/et_pb_row][\/et_pb_section]<\/p>\n<span class=\"et_bloom_bottom_trigger\"><\/span>","protected":false},"excerpt":{"rendered":"<p>Enjoy a 50\u20ac discount and a free Musicalta CD for each application with a full board package received* before January 20th, 2018.<\/p>\n","protected":false},"author":3,"featured_media":33633,"comment_status":"open","ping_status":"open","sticky":false,"template":"","format":"standard","meta":{"_et_pb_use_builder":"on","_et_pb_old_content":"<p><a href=\"http:\/\/www.musicalta.com\/wp-content\/uploads\/2015\/12\/Chibane-Manuela1.jpg\"><img class=\"size-medium wp-image-923 alignleft\" src=\"http:\/\/www.musicalta.com\/wp-content\/uploads\/2015\/12\/Chibane-Manuela1-200x300.jpg\" alt=\"cours anglais stage anglais\" width=\"200\" height=\"300\" \/><\/a><\/p><p>\u00a0<\/p><p>Nous sommes heureux de vous annoncer que Manu\u00e8la Chibane, directrice du centre de vacance en 2013 et en 2015 sera de nouveau parmi nous lors du stage de musique 2016.<\/p><p>A ce titre, Manu\u00e8la sera charg\u00e9e avec son \u00e9quipe d\u2019encadrer les \u00e9tudiants mineurs.<\/p><p>\u00a0<\/p><p>\u00a0<\/p><p>\u00a0<\/p><p>\u00a0<\/p>","_et_gb_content_width":"","footnotes":""},"categories":[115],"tags":[116,117,118],"class_list":["post-33188","post","type-post","status-publish","format-standard","has-post-thumbnail","hentry","category-academie-de-musique-en","tag-academie-de-musique-en","tag-stage-de-musique-en","tag-stage-ete-en"],"_links":{"self":[{"href":"https:\/\/www.musicalta.com\/en\/wp-json\/wp\/v2\/posts\/33188","targetHints":{"allow":["GET"]}}],"collection":[{"href":"https:\/\/www.musicalta.com\/en\/wp-json\/wp\/v2\/posts"}],"about":[{"href":"https:\/\/www.musicalta.com\/en\/wp-json\/wp\/v2\/types\/post"}],"author":[{"embeddable":true,"href":"https:\/\/www.musicalta.com\/en\/wp-json\/wp\/v2\/users\/3"}],"replies":[{"embeddable":true,"href":"https:\/\/www.musicalta.com\/en\/wp-json\/wp\/v2\/comments?post=33188"}],"version-history":[{"count":6,"href":"https:\/\/www.musicalta.com\/en\/wp-json\/wp\/v2\/posts\/33188\/revisions"}],"predecessor-version":[{"id":223764,"href":"https:\/\/www.musicalta.com\/en\/wp-json\/wp\/v2\/posts\/33188\/revisions\/223764"}],"wp:featuredmedia":[{"embeddable":true,"href":"https:\/\/www.musicalta.com\/en\/wp-json\/wp\/v2\/media\/33633"}],"wp:attachment":[{"href":"https:\/\/www.musicalta.com\/en\/wp-json\/wp\/v2\/media?parent=33188"}],"wp:term":[{"taxonomy":"category","embeddable":true,"href":"https:\/\/www.musicalta.com\/en\/wp-json\/wp\/v2\/categories?post=33188"},{"taxonomy":"post_tag","embeddable":true,"href":"https:\/\/www.musicalta.com\/en\/wp-json\/wp\/v2\/tags?post=33188"}],"curies":[{"name":"wp","href":"https:\/\/api.w.org\/{rel}","templated":true}]}}